{"id":267,"date":"2019-03-29T12:11:02","date_gmt":"2019-03-29T11:11:02","guid":{"rendered":"http:\/\/elexim.net\/elektromobilita\/?p=267"},"modified":"2020-03-30T10:54:55","modified_gmt":"2020-03-30T08:54:55","slug":"pouceni-ze-severskych-zkusenosti-s-vyuzitim-elektrickych-vozidel","status":"publish","type":"post","link":"https:\/\/elexim.net\/elektromobilita\/pouceni-ze-severskych-zkusenosti-s-vyuzitim-elektrickych-vozidel\/","title":{"rendered":"Pou\u010den\u00ed ze seversk\u00fdch zku\u0161enost\u00ed s vyu\u017eit\u00edm elektrick\u00fdch vozidel"},"content":{"rendered":"<p>Pou\u010den\u00ed ze seversk\u00fdch zku\u0161enost\u00ed s vyu\u017eit\u00edm elektrick\u00fdch vozidel. Seversk\u00e1 oblast je t\u0159et\u00edm nejv\u011bt\u0161\u00edm trhem s elektrick\u00fdmi vozidly na sv\u011bt\u011b. Zem\u011b v seversk\u00e9m regionu byly v\u017edy pr\u016fkopn\u00edky a v\u016fdci v oblasti inovac\u00ed a zav\u00e1d\u011bn\u00ed elektrick\u00fdch vozidel. Mezin\u00e1rodn\u00ed energetick\u00e1 agentura Nordic EV nab\u00eddla ve sv\u00e9 zpr\u00e1v\u011b v\u00edce podrobnost\u00ed o situaci a pomohla analyzovat, kter\u00e1 fakta jsou kl\u00ed\u010dem k \u00fasp\u011bchu p\u0159i zav\u00e1d\u011bn\u00ed elektromobility.<\/p>\n<p>Po\u010dty elektrick\u00fdch vozidel se od roku 2010 v seversk\u00e9m regionu neust\u00e1le zvy\u0161uj\u00ed a do konce roku 2017 dos\u00e1hly t\u00e9m\u011b\u0159 250 000 voz\u016f. V roce 2017 vzrostly prodeje elektromobil\u016f o 57 % oproti p\u0159edchoz\u00edmu roku. V absolutn\u00edch \u010d\u00edslech jde o rekorn\u00edch 90 000 prodan\u00fdch voz\u016f. Pod\u00edl EV na trhu v seversk\u00e9m regionu je 10,6 % a p\u0159edstavuje 8% elektrick\u00fdch vozidel po cel\u00e9m sv\u011bt\u011b. D\u00edky tomu se seversk\u00e9 zem\u011b staly t\u0159et\u00edm nejv\u011bt\u0161\u00edm trhem s elektrick\u00fdmi vozy podle objemu prodeje ve sv\u011bt\u011b, po \u010c\u00edn\u011b a Spojen\u00fdch st\u00e1tech.<\/p>\n<p>Elektromobily jsou zastoupeny ve v\u0161ech zem\u00edch regionu, ale jejich pronik\u00e1n\u00ed na trh v jednotliv\u00fdch zem\u00edch nen\u00ed stejn\u00e9. L\u00eddrem je Norsko, kter\u00e9 se chlub\u00ed 39 % pod\u00edlem EV a je tak prvn\u00ed na sv\u011bt\u011b. Jedno z \u0161estn\u00e1cti aut na norsk\u00fdch silnic\u00edch je elektromobil. Norsko je tak vysoko nad region\u00e1ln\u00edm pr\u016fm\u011brem, kter\u00fd p\u0159edstavuje jedno auto z pades\u00e1ti. Druhou p\u0159\u00ed\u010dku zauj\u00edm\u00e1 \u0160v\u00e9dsko n\u00e1sledovan\u00e9 Finskem. D\u00e1nsko se od soused\u016f li\u0161\u00ed. Zde prodeje v roce 2017 klesly a jsou ni\u017e\u0161\u00ed ne\u017e v roce 2015. To je zp\u016fsobeno p\u0159edev\u0161\u00edm \u0161patnou vl\u00e1dn\u00ed politikou, kter\u00e1 podkopala d\u016fv\u011bru z\u00e1kazn\u00edk\u016f.<\/p>\n<p>Elektrick\u00e1 auta jsou v regionu pova\u017eov\u00e1na za budoucnost a ve\u0161ker\u00e1 vl\u00e1dn\u00ed podpora a politika sm\u011b\u0159uj\u00ed t\u00edmto sm\u011brem. Odhaduje se, \u017ee v roce 2030 bude v regionu v provozu 4 mili\u00f3ny elektromobil\u016f. R\u016fst povede Norsko a \u0160v\u00e9dsko. T\u00edm se sn\u00ed\u017e\u00ed emise o 40 % ve srovn\u00e1n\u00ed s emisemi jinak vyprodukovan\u00fdmi stejn\u00fdm po\u010dtem aut na fosiln\u00ed paliva.<br \/>\nNorsko tak\u00e9 pl\u00e1nuje, \u017ee od roku 2025 bude mo\u017en\u00e9 prod\u00e1vat pouze vozidla s nulov\u00fdmi emisemi.<\/p>\n","protected":false},"excerpt":{"rendered":"<p>Pou\u010den\u00ed ze seversk\u00fdch zku\u0161enost\u00ed s vyu\u017eit\u00edm elektrick\u00fdch vozidel. Seversk\u00e1 oblast je t\u0159et\u00edm nejv\u011bt\u0161\u00edm trhem s elektrick\u00fdmi vozidly na sv\u011bt\u011b. Zem\u011b v seversk\u00e9m regionu byly v\u017edy pr\u016fkopn\u00edky a v\u016fdci v oblasti&nbsp;&#8230;<\/p>\n","protected":false},"author":1,"featured_media":1585,"comment_status":"open","ping_status":"open","sticky":false,"template":"","format":"standard","meta":[],"categories":[14],"tags":[],"post_formats":[],"yoast_head":"<!-- This site is optimized with the Yoast SEO plugin v16.2 - https:\/\/yoast.com\/wordpress\/plugins\/seo\/ -->\n<meta name=\"robots\" content=\"index, follow, max-snippet:-1, max-image-preview:large, max-video-preview:-1\" \/>\n<link rel=\"canonical\" href=\"https:\/\/elexim.net\/elektromobilita\/pouceni-ze-severskych-zkusenosti-s-vyuzitim-elektrickych-vozidel\/\" \/>\n<meta property=\"og:locale\" content=\"cs_CZ\" \/>\n<meta property=\"og:type\" content=\"article\" \/>\n<meta property=\"og:title\" content=\"Pou\u010den\u00ed ze seversk\u00fdch zku\u0161enost\u00ed s vyu\u017eit\u00edm elektrick\u00fdch vozidel - ELEXIM - Elektromobilita\" \/>\n<meta property=\"og:description\" content=\"Pou\u010den\u00ed ze seversk\u00fdch zku\u0161enost\u00ed s vyu\u017eit\u00edm elektrick\u00fdch vozidel. Seversk\u00e1 oblast je t\u0159et\u00edm nejv\u011bt\u0161\u00edm trhem s elektrick\u00fdmi vozidly na sv\u011bt\u011b. Zem\u011b v seversk\u00e9m regionu byly v\u017edy pr\u016fkopn\u00edky a v\u016fdci v oblasti&nbsp;...\" \/>\n<meta property=\"og:url\" content=\"https:\/\/elexim.net\/elektromobilita\/pouceni-ze-severskych-zkusenosti-s-vyuzitim-elektrickych-vozidel\/\" \/>\n<meta property=\"og:site_name\" content=\"ELEXIM - Elektromobilita\" \/>\n<meta property=\"article:publisher\" content=\"https:\/\/www.facebook.com\/eleximemobilita\/\" \/>\n<meta property=\"article:published_time\" content=\"2019-03-29T11:11:02+00:00\" \/>\n<meta property=\"article:modified_time\" content=\"2020-03-30T08:54:55+00:00\" \/>\n<meta property=\"og:image\" content=\"https:\/\/elexim.net\/elektromobilita\/wp-content\/uploads\/sites\/2\/2019\/03\/DSC_6024-1024x684.jpg\" \/>\n\t<meta property=\"og:image:width\" content=\"1024\" \/>\n\t<meta property=\"og:image:height\" content=\"684\" \/>\n<meta name=\"twitter:card\" content=\"summary_large_image\" \/>\n<meta name=\"twitter:label1\" content=\"Odhadovan\u00e1 doba \u010dten\u00ed\">\n\t<meta name=\"twitter:data1\" content=\"2 minuty\">\n<script type=\"application\/ld+json\" class=\"yoast-schema-graph\">{\"@context\":\"https:\/\/schema.org\",\"@graph\":[{\"@type\":\"WebSite\",\"@id\":\"https:\/\/elexim.net\/elektromobilita\/#website\",\"url\":\"https:\/\/elexim.net\/elektromobilita\/\",\"name\":\"ELEXIM - Elektromobilita\",\"description\":\"Nab\\u00edz\\u00edme kompletn\\u00ed sortiment a \\u0159e\\u0161en\\u00ed v\\u00fdrobc\\u016f CIRCONTROL a APLITRONIC \\u2013 co\\u017e jsou nab\\u00edjec\\u00ed stanice, kter\\u00e9 dok\\u00e1zaly svou stabilitu, vysokou kvalitu materi\\u00e1l\\u016f a proveden\\u00ed. D\\u00edky tomu jsou spolehliv\\u00e9 pro jak\\u00fdkoliv provoz.\",\"potentialAction\":[{\"@type\":\"SearchAction\",\"target\":\"https:\/\/elexim.net\/elektromobilita\/?s={search_term_string}\",\"query-input\":\"required name=search_term_string\"}],\"inLanguage\":\"cs\"},{\"@type\":\"ImageObject\",\"@id\":\"https:\/\/elexim.net\/elektromobilita\/pouceni-ze-severskych-zkusenosti-s-vyuzitim-elektrickych-vozidel\/#primaryimage\",\"inLanguage\":\"cs\",\"url\":\"https:\/\/elexim.net\/elektromobilita\/wp-content\/uploads\/sites\/2\/2019\/03\/DSC_6024.jpg\",\"contentUrl\":\"https:\/\/elexim.net\/elektromobilita\/wp-content\/uploads\/sites\/2\/2019\/03\/DSC_6024.jpg\",\"width\":6016,\"height\":4016},{\"@type\":\"WebPage\",\"@id\":\"https:\/\/elexim.net\/elektromobilita\/pouceni-ze-severskych-zkusenosti-s-vyuzitim-elektrickych-vozidel\/#webpage\",\"url\":\"https:\/\/elexim.net\/elektromobilita\/pouceni-ze-severskych-zkusenosti-s-vyuzitim-elektrickych-vozidel\/\",\"name\":\"Pou\\u010den\\u00ed ze seversk\\u00fdch zku\\u0161enost\\u00ed s vyu\\u017eit\\u00edm elektrick\\u00fdch vozidel - ELEXIM - Elektromobilita\",\"isPartOf\":{\"@id\":\"https:\/\/elexim.net\/elektromobilita\/#website\"},\"primaryImageOfPage\":{\"@id\":\"https:\/\/elexim.net\/elektromobilita\/pouceni-ze-severskych-zkusenosti-s-vyuzitim-elektrickych-vozidel\/#primaryimage\"},\"datePublished\":\"2019-03-29T11:11:02+00:00\",\"dateModified\":\"2020-03-30T08:54:55+00:00\",\"author\":{\"@id\":\"https:\/\/elexim.net\/elektromobilita\/#\/schema\/person\/727123466245b214a2507cdc3acaed01\"},\"breadcrumb\":{\"@id\":\"https:\/\/elexim.net\/elektromobilita\/pouceni-ze-severskych-zkusenosti-s-vyuzitim-elektrickych-vozidel\/#breadcrumb\"},\"inLanguage\":\"cs\",\"potentialAction\":[{\"@type\":\"ReadAction\",\"target\":[\"https:\/\/elexim.net\/elektromobilita\/pouceni-ze-severskych-zkusenosti-s-vyuzitim-elektrickych-vozidel\/\"]}]},{\"@type\":\"BreadcrumbList\",\"@id\":\"https:\/\/elexim.net\/elektromobilita\/pouceni-ze-severskych-zkusenosti-s-vyuzitim-elektrickych-vozidel\/#breadcrumb\",\"itemListElement\":[{\"@type\":\"ListItem\",\"position\":1,\"item\":{\"@type\":\"WebPage\",\"@id\":\"https:\/\/elexim.net\/elektromobilita\/\",\"url\":\"https:\/\/elexim.net\/elektromobilita\/\",\"name\":\"Dom\\u016f\"}},{\"@type\":\"ListItem\",\"position\":2,\"item\":{\"@id\":\"https:\/\/elexim.net\/elektromobilita\/pouceni-ze-severskych-zkusenosti-s-vyuzitim-elektrickych-vozidel\/#webpage\"}}]},{\"@type\":\"Person\",\"@id\":\"https:\/\/elexim.net\/elektromobilita\/#\/schema\/person\/727123466245b214a2507cdc3acaed01\",\"name\":\"admin\",\"image\":{\"@type\":\"ImageObject\",\"@id\":\"https:\/\/elexim.net\/elektromobilita\/#personlogo\",\"inLanguage\":\"cs\",\"url\":\"https:\/\/secure.gravatar.com\/avatar\/2db5bd1823cf81d59b238e0dd916fbdd?s=96&d=mm&r=g\",\"contentUrl\":\"https:\/\/secure.gravatar.com\/avatar\/2db5bd1823cf81d59b238e0dd916fbdd?s=96&d=mm&r=g\",\"caption\":\"admin\"}}]}<\/script>\n<!-- \/ Yoast SEO plugin. -->","guten_post_layout_featured_media_urls":{"full":["https:\/\/elexim.net\/elektromobilita\/wp-content\/uploads\/sites\/2\/2019\/03\/DSC_6024.jpg",6016,4016,false],"thumbnail":["https:\/\/elexim.net\/elektromobilita\/wp-content\/uploads\/sites\/2\/2019\/03\/DSC_6024-500x300.jpg",500,300,true],"medium":["https:\/\/elexim.net\/elektromobilita\/wp-content\/uploads\/sites\/2\/2019\/03\/DSC_6024-300x200.jpg",300,200,true],"medium_large":["https:\/\/elexim.net\/elektromobilita\/wp-content\/uploads\/sites\/2\/2019\/03\/DSC_6024-768x513.jpg",768,513,true],"large":["https:\/\/elexim.net\/elektromobilita\/wp-content\/uploads\/sites\/2\/2019\/03\/DSC_6024-1024x684.jpg",1024,684,true],"1536x1536":["https:\/\/elexim.net\/elektromobilita\/wp-content\/uploads\/sites\/2\/2019\/03\/DSC_6024.jpg",1536,1025,false],"2048x2048":["https:\/\/elexim.net\/elektromobilita\/wp-content\/uploads\/sites\/2\/2019\/03\/DSC_6024.jpg",2048,1367,false],"thumb":["https:\/\/elexim.net\/elektromobilita\/wp-content\/uploads\/sites\/2\/2019\/03\/DSC_6024-150x150.jpg",150,150,true],"produkt":["https:\/\/elexim.net\/elektromobilita\/wp-content\/uploads\/sites\/2\/2019\/03\/DSC_6024-720x481.jpg",720,481,true],"header":["https:\/\/elexim.net\/elektromobilita\/wp-content\/uploads\/sites\/2\/2019\/03\/DSC_6024-1980x1322.jpg",1980,1322,true],"guten_post_layout_landscape_large":["https:\/\/elexim.net\/elektromobilita\/wp-content\/uploads\/sites\/2\/2019\/03\/DSC_6024.jpg",1198,800,false],"guten_post_layout_portrait_large":["https:\/\/elexim.net\/elektromobilita\/wp-content\/uploads\/sites\/2\/2019\/03\/DSC_6024.jpg",1200,801,false],"guten_post_layout_square_large":["https:\/\/elexim.net\/elektromobilita\/wp-content\/uploads\/sites\/2\/2019\/03\/DSC_6024.jpg",1200,801,false],"guten_post_layout_landscape":["https:\/\/elexim.net\/elektromobilita\/wp-content\/uploads\/sites\/2\/2019\/03\/DSC_6024.jpg",600,400,false],"guten_post_layout_portrait":["https:\/\/elexim.net\/elektromobilita\/wp-content\/uploads\/sites\/2\/2019\/03\/DSC_6024.jpg",600,401,false],"guten_post_layout_square":["https:\/\/elexim.net\/elektromobilita\/wp-content\/uploads\/sites\/2\/2019\/03\/DSC_6024.jpg",600,401,false]},"_links":{"self":[{"href":"https:\/\/elexim.net\/elektromobilita\/wp-json\/wp\/v2\/posts\/267"}],"collection":[{"href":"https:\/\/elexim.net\/elektromobilita\/wp-json\/wp\/v2\/posts"}],"about":[{"href":"https:\/\/elexim.net\/elektromobilita\/wp-json\/wp\/v2\/types\/post"}],"author":[{"embeddable":true,"href":"https:\/\/elexim.net\/elektromobilita\/wp-json\/wp\/v2\/users\/1"}],"replies":[{"embeddable":true,"href":"https:\/\/elexim.net\/elektromobilita\/wp-json\/wp\/v2\/comments?post=267"}],"version-history":[{"count":5,"href":"https:\/\/elexim.net\/elektromobilita\/wp-json\/wp\/v2\/posts\/267\/revisions"}],"predecessor-version":[{"id":2729,"href":"https:\/\/elexim.net\/elektromobilita\/wp-json\/wp\/v2\/posts\/267\/revisions\/2729"}],"wp:featuredmedia":[{"embeddable":true,"href":"https:\/\/elexim.net\/elektromobilita\/wp-json\/wp\/v2\/media\/1585"}],"wp:attachment":[{"href":"https:\/\/elexim.net\/elektromobilita\/wp-json\/wp\/v2\/media?parent=267"}],"wp:term":[{"taxonomy":"category","embeddable":true,"href":"https:\/\/elexim.net\/elektromobilita\/wp-json\/wp\/v2\/categories?post=267"},{"taxonomy":"post_tag","embeddable":true,"href":"https:\/\/elexim.net\/elektromobilita\/wp-json\/wp\/v2\/tags?post=267"},{"taxonomy":"post_format","embeddable":true,"href":"https:\/\/elexim.net\/elektromobilita\/wp-json\/wp\/v2\/post_formats?post=267"}],"curies":[{"name":"wp","href":"https:\/\/api.w.org\/{rel}","templated":true}]}}