{"id":2680,"date":"2020-03-25T17:15:15","date_gmt":"2020-03-25T16:15:15","guid":{"rendered":"http:\/\/elexim.net\/elektromobilita\/?p=2680"},"modified":"2020-03-27T11:31:14","modified_gmt":"2020-03-27T10:31:14","slug":"v-anglii-zacinaji-prace-na-prvni-elektro-benzince","status":"publish","type":"post","link":"https:\/\/elexim.net\/elektromobilita\/v-anglii-zacinaji-prace-na-prvni-elektro-benzince\/","title":{"rendered":"V Anglii za\u010d\u00ednaj\u00ed pr\u00e1ce na prvn\u00ed \u201celektro benz\u00ednce\u201d"},"content":{"rendered":"\n<blockquote class=\"wp-block-quote\"><p>V anglick\u00e9m okresku Great Notley, kousek od m\u011bsta Braintree, za\u010dala v\u00fdstavba prvn\u00ed z mnoha elektrick\u00fdch \u201cbenz\u00ednek\u201d, kde bude mo\u017eno nab\u00edjet a\u017e 24 elektromobil\u016f v jedenu chv\u00edli. Nab\u00edjec\u00ed stanice budou p\u0159ipojeny k sol\u00e1rn\u00edm panel\u016fm, kter\u00e9 budou dod\u00e1vat elektrickou energii, pot\u0159ebnou pro nab\u00edjen\u00ed elektromobil\u016f.<\/p><\/blockquote>\n\n\n\n<p>Projekt je stav\u011bn firmou Gridserve, kter\u00e1 se zab\u00fdv\u00e1 energii z udr\u017eiteln\u00fdch zdroj\u016f a cel\u00fd projekt je z velk\u00e9 \u010d\u00e1sti financovan\u00fd anglickou vl\u00e1dou, kter\u00e1 dala Grindserve dotaci v hodnot\u011b 140 milionu korun na v\u00fdstavbu v\u00edce ne\u017e dal\u0161\u00edch sta t\u011bchto elektrick\u00fdch \u201cbenz\u00ednek\u201d.<\/p>\n\n\n\n<figure class=\"wp-block-image\"><img loading=\"lazy\" width=\"624\" height=\"351\" src=\"http:\/\/elexim.net\/elektromobilita\/wp-content\/uploads\/sites\/2\/2020\/03\/111206647_gridserve_5pmfov_arial_canopy_bldg_proposed3_190619.jpg\" alt=\"\" class=\"wp-image-2681 img-responsive img-shadow\" srcset=\"https:\/\/elexim.net\/elektromobilita\/wp-content\/uploads\/sites\/2\/2020\/03\/111206647_gridserve_5pmfov_arial_canopy_bldg_proposed3_190619.jpg 624w, https:\/\/elexim.net\/elektromobilita\/wp-content\/uploads\/sites\/2\/2020\/03\/111206647_gridserve_5pmfov_arial_canopy_bldg_proposed3_190619-300x169.jpg 300w\" sizes=\"(max-width: 624px) 100vw, 624px\" \/><\/figure>\n\n\n\n<p>Spole\u010dnost douf\u00e1, \u017ee v\u00fdstavbou t\u011bchto nab\u00edjec\u00edch stanic dod\u00e1 lidem v\u011bt\u0161\u00ed odhodl\u00e1n\u00ed ke koupi elektromobilu, kter\u00e9 postr\u00e1daj\u00ed pr\u00e1v\u011b z d\u016fvodu m\u00e1lo rozvinut\u00e9 infrastruktury pro jejich dob\u00edjen\u00ed. V\u00fdstavba t\u011bchto \u010dist\u011b \u201celektro benz\u00ednek\u201d je velik\u00fd krok k p\u0159esv\u011bd\u010den\u00ed mnoha lid\u00ed k tomu, aby se p\u0159iklonili ke koupi elektromobilu.<\/p>\n\n\n\n<p>Velk\u00e1 Brit\u00e1nie, je\u017e by m\u011bla po\u0159\u00e1dat v listopadu konferenci OSN na t\u00e9ma klimatick\u00fdch zm\u011bn, chce do roku 2050 dos\u00e1hnout nulov\u00fdch!! uhl\u00edkov\u00fdch emis\u00ed. <\/p>\n\n\n\n<p>Zdroj informac\u00ed &#8211; <a href=\"https:\/\/www.bbc.com\/news\/uk-england-essex-51817767\">Novinky BBC<\/a><\/p>\n","protected":false},"excerpt":{"rendered":"<p>V anglick\u00e9m okresku Great Notley, kousek od m\u011bsta Braintree, za\u010dala v\u00fdstavba prvn\u00ed z mnoha elektrick\u00fdch \u201cbenz\u00ednek\u201d, kde bude mo\u017eno nab\u00edjet a\u017e 24 elektromobil\u016f v jedenu chv\u00edli. Nab\u00edjec\u00ed stanice budou p\u0159ipojeny&nbsp;&#8230;<\/p>\n","protected":false},"author":28,"featured_media":2683,"comment_status":"closed","ping_status":"open","sticky":false,"template":"","format":"standard","meta":[],"categories":[14],"tags":[],"post_formats":[],"yoast_head":"<!-- This site is optimized with the Yoast SEO plugin v16.2 - https:\/\/yoast.com\/wordpress\/plugins\/seo\/ -->\n<meta name=\"robots\" content=\"index, follow, max-snippet:-1, max-image-preview:large, max-video-preview:-1\" \/>\n<link rel=\"canonical\" href=\"https:\/\/elexim.net\/elektromobilita\/v-anglii-zacinaji-prace-na-prvni-elektro-benzince\/\" \/>\n<meta property=\"og:locale\" content=\"cs_CZ\" \/>\n<meta property=\"og:type\" content=\"article\" \/>\n<meta property=\"og:title\" content=\"V Anglii za\u010d\u00ednaj\u00ed pr\u00e1ce na prvn\u00ed \u201celektro benz\u00ednce\u201d - ELEXIM - Elektromobilita\" \/>\n<meta property=\"og:description\" content=\"V anglick\u00e9m okresku Great Notley, kousek od m\u011bsta Braintree, za\u010dala v\u00fdstavba prvn\u00ed z mnoha elektrick\u00fdch \u201cbenz\u00ednek\u201d, kde bude mo\u017eno nab\u00edjet a\u017e 24 elektromobil\u016f v jedenu chv\u00edli. Nab\u00edjec\u00ed stanice budou p\u0159ipojeny&nbsp;...\" \/>\n<meta property=\"og:url\" content=\"https:\/\/elexim.net\/elektromobilita\/v-anglii-zacinaji-prace-na-prvni-elektro-benzince\/\" \/>\n<meta property=\"og:site_name\" content=\"ELEXIM - Elektromobilita\" \/>\n<meta property=\"article:publisher\" content=\"https:\/\/www.facebook.com\/eleximemobilita\/\" \/>\n<meta property=\"article:published_time\" content=\"2020-03-25T16:15:15+00:00\" \/>\n<meta property=\"article:modified_time\" content=\"2020-03-27T10:31:14+00:00\" \/>\n<meta property=\"og:image\" content=\"https:\/\/elexim.net\/elektromobilita\/wp-content\/uploads\/sites\/2\/2020\/03\/111206645_gridserve_4pmfov_arial_proposed10_190619.jpg\" \/>\n\t<meta property=\"og:image:width\" content=\"660\" \/>\n\t<meta property=\"og:image:height\" content=\"371\" \/>\n<meta name=\"twitter:card\" content=\"summary_large_image\" \/>\n<meta name=\"twitter:label1\" content=\"Odhadovan\u00e1 doba \u010dten\u00ed\">\n\t<meta name=\"twitter:data1\" content=\"1 minuta\">\n<script type=\"application\/ld+json\" class=\"yoast-schema-graph\">{\"@context\":\"https:\/\/schema.org\",\"@graph\":[{\"@type\":\"WebSite\",\"@id\":\"https:\/\/elexim.net\/elektromobilita\/#website\",\"url\":\"https:\/\/elexim.net\/elektromobilita\/\",\"name\":\"ELEXIM - Elektromobilita\",\"description\":\"Nab\\u00edz\\u00edme kompletn\\u00ed sortiment a \\u0159e\\u0161en\\u00ed v\\u00fdrobc\\u016f CIRCONTROL a APLITRONIC \\u2013 co\\u017e jsou nab\\u00edjec\\u00ed stanice, kter\\u00e9 dok\\u00e1zaly svou stabilitu, vysokou kvalitu materi\\u00e1l\\u016f a proveden\\u00ed. D\\u00edky tomu jsou spolehliv\\u00e9 pro jak\\u00fdkoliv provoz.\",\"potentialAction\":[{\"@type\":\"SearchAction\",\"target\":\"https:\/\/elexim.net\/elektromobilita\/?s={search_term_string}\",\"query-input\":\"required name=search_term_string\"}],\"inLanguage\":\"cs\"},{\"@type\":\"ImageObject\",\"@id\":\"https:\/\/elexim.net\/elektromobilita\/v-anglii-zacinaji-prace-na-prvni-elektro-benzince\/#primaryimage\",\"inLanguage\":\"cs\",\"url\":\"https:\/\/elexim.net\/elektromobilita\/wp-content\/uploads\/sites\/2\/2020\/03\/111206645_gridserve_4pmfov_arial_proposed10_190619.jpg\",\"contentUrl\":\"https:\/\/elexim.net\/elektromobilita\/wp-content\/uploads\/sites\/2\/2020\/03\/111206645_gridserve_4pmfov_arial_proposed10_190619.jpg\",\"width\":660,\"height\":371},{\"@type\":\"WebPage\",\"@id\":\"https:\/\/elexim.net\/elektromobilita\/v-anglii-zacinaji-prace-na-prvni-elektro-benzince\/#webpage\",\"url\":\"https:\/\/elexim.net\/elektromobilita\/v-anglii-zacinaji-prace-na-prvni-elektro-benzince\/\",\"name\":\"V Anglii za\\u010d\\u00ednaj\\u00ed pr\\u00e1ce na prvn\\u00ed \\u201celektro benz\\u00ednce\\u201d - ELEXIM - Elektromobilita\",\"isPartOf\":{\"@id\":\"https:\/\/elexim.net\/elektromobilita\/#website\"},\"primaryImageOfPage\":{\"@id\":\"https:\/\/elexim.net\/elektromobilita\/v-anglii-zacinaji-prace-na-prvni-elektro-benzince\/#primaryimage\"},\"datePublished\":\"2020-03-25T16:15:15+00:00\",\"dateModified\":\"2020-03-27T10:31:14+00:00\",\"author\":{\"@id\":\"https:\/\/elexim.net\/elektromobilita\/#\/schema\/person\/ab29d7326501d2c2b2a09a395b081618\"},\"breadcrumb\":{\"@id\":\"https:\/\/elexim.net\/elektromobilita\/v-anglii-zacinaji-prace-na-prvni-elektro-benzince\/#breadcrumb\"},\"inLanguage\":\"cs\",\"potentialAction\":[{\"@type\":\"ReadAction\",\"target\":[\"https:\/\/elexim.net\/elektromobilita\/v-anglii-zacinaji-prace-na-prvni-elektro-benzince\/\"]}]},{\"@type\":\"BreadcrumbList\",\"@id\":\"https:\/\/elexim.net\/elektromobilita\/v-anglii-zacinaji-prace-na-prvni-elektro-benzince\/#breadcrumb\",\"itemListElement\":[{\"@type\":\"ListItem\",\"position\":1,\"item\":{\"@type\":\"WebPage\",\"@id\":\"https:\/\/elexim.net\/elektromobilita\/\",\"url\":\"https:\/\/elexim.net\/elektromobilita\/\",\"name\":\"Dom\\u016f\"}},{\"@type\":\"ListItem\",\"position\":2,\"item\":{\"@id\":\"https:\/\/elexim.net\/elektromobilita\/v-anglii-zacinaji-prace-na-prvni-elektro-benzince\/#webpage\"}}]},{\"@type\":\"Person\",\"@id\":\"https:\/\/elexim.net\/elektromobilita\/#\/schema\/person\/ab29d7326501d2c2b2a09a395b081618\",\"name\":\"elexim\",\"image\":{\"@type\":\"ImageObject\",\"@id\":\"https:\/\/elexim.net\/elektromobilita\/#personlogo\",\"inLanguage\":\"cs\",\"url\":\"https:\/\/secure.gravatar.com\/avatar\/6196579f9bd30fa71157e8b600764be6?s=96&d=mm&r=g\",\"contentUrl\":\"https:\/\/secure.gravatar.com\/avatar\/6196579f9bd30fa71157e8b600764be6?s=96&d=mm&r=g\",\"caption\":\"elexim\"}}]}<\/script>\n<!-- \/ Yoast SEO plugin. -->","guten_post_layout_featured_media_urls":{"full":["https:\/\/elexim.net\/elektromobilita\/wp-content\/uploads\/sites\/2\/2020\/03\/111206645_gridserve_4pmfov_arial_proposed10_190619.jpg",660,371,false],"thumbnail":["https:\/\/elexim.net\/elektromobilita\/wp-content\/uploads\/sites\/2\/2020\/03\/111206645_gridserve_4pmfov_arial_proposed10_190619-500x300.jpg",500,300,true],"medium":["https:\/\/elexim.net\/elektromobilita\/wp-content\/uploads\/sites\/2\/2020\/03\/111206645_gridserve_4pmfov_arial_proposed10_190619-300x169.jpg",300,169,true],"medium_large":["https:\/\/elexim.net\/elektromobilita\/wp-content\/uploads\/sites\/2\/2020\/03\/111206645_gridserve_4pmfov_arial_proposed10_190619.jpg",660,371,false],"large":["https:\/\/elexim.net\/elektromobilita\/wp-content\/uploads\/sites\/2\/2020\/03\/111206645_gridserve_4pmfov_arial_proposed10_190619.jpg",660,371,false],"1536x1536":["https:\/\/elexim.net\/elektromobilita\/wp-content\/uploads\/sites\/2\/2020\/03\/111206645_gridserve_4pmfov_arial_proposed10_190619.jpg",660,371,false],"2048x2048":["https:\/\/elexim.net\/elektromobilita\/wp-content\/uploads\/sites\/2\/2020\/03\/111206645_gridserve_4pmfov_arial_proposed10_190619.jpg",660,371,false],"thumb":["https:\/\/elexim.net\/elektromobilita\/wp-content\/uploads\/sites\/2\/2020\/03\/111206645_gridserve_4pmfov_arial_proposed10_190619-150x150.jpg",150,150,true],"produkt":["https:\/\/elexim.net\/elektromobilita\/wp-content\/uploads\/sites\/2\/2020\/03\/111206645_gridserve_4pmfov_arial_proposed10_190619.jpg",660,371,false],"header":["https:\/\/elexim.net\/elektromobilita\/wp-content\/uploads\/sites\/2\/2020\/03\/111206645_gridserve_4pmfov_arial_proposed10_190619.jpg",660,371,false],"guten_post_layout_landscape_large":["https:\/\/elexim.net\/elektromobilita\/wp-content\/uploads\/sites\/2\/2020\/03\/111206645_gridserve_4pmfov_arial_proposed10_190619.jpg",660,371,false],"guten_post_layout_portrait_large":["https:\/\/elexim.net\/elektromobilita\/wp-content\/uploads\/sites\/2\/2020\/03\/111206645_gridserve_4pmfov_arial_proposed10_190619.jpg",660,371,false],"guten_post_layout_square_large":["https:\/\/elexim.net\/elektromobilita\/wp-content\/uploads\/sites\/2\/2020\/03\/111206645_gridserve_4pmfov_arial_proposed10_190619.jpg",660,371,false],"guten_post_layout_landscape":["https:\/\/elexim.net\/elektromobilita\/wp-content\/uploads\/sites\/2\/2020\/03\/111206645_gridserve_4pmfov_arial_proposed10_190619-600x371.jpg",600,371,true],"guten_post_layout_portrait":["https:\/\/elexim.net\/elektromobilita\/wp-content\/uploads\/sites\/2\/2020\/03\/111206645_gridserve_4pmfov_arial_proposed10_190619-600x371.jpg",600,371,true],"guten_post_layout_square":["https:\/\/elexim.net\/elektromobilita\/wp-content\/uploads\/sites\/2\/2020\/03\/111206645_gridserve_4pmfov_arial_proposed10_190619-600x371.jpg",600,371,true]},"_links":{"self":[{"href":"https:\/\/elexim.net\/elektromobilita\/wp-json\/wp\/v2\/posts\/2680"}],"collection":[{"href":"https:\/\/elexim.net\/elektromobilita\/wp-json\/wp\/v2\/posts"}],"about":[{"href":"https:\/\/elexim.net\/elektromobilita\/wp-json\/wp\/v2\/types\/post"}],"author":[{"embeddable":true,"href":"https:\/\/elexim.net\/elektromobilita\/wp-json\/wp\/v2\/users\/28"}],"replies":[{"embeddable":true,"href":"https:\/\/elexim.net\/elektromobilita\/wp-json\/wp\/v2\/comments?post=2680"}],"version-history":[{"count":2,"href":"https:\/\/elexim.net\/elektromobilita\/wp-json\/wp\/v2\/posts\/2680\/revisions"}],"predecessor-version":[{"id":2726,"href":"https:\/\/elexim.net\/elektromobilita\/wp-json\/wp\/v2\/posts\/2680\/revisions\/2726"}],"wp:featuredmedia":[{"embeddable":true,"href":"https:\/\/elexim.net\/elektromobilita\/wp-json\/wp\/v2\/media\/2683"}],"wp:attachment":[{"href":"https:\/\/elexim.net\/elektromobilita\/wp-json\/wp\/v2\/media?parent=2680"}],"wp:term":[{"taxonomy":"category","embeddable":true,"href":"https:\/\/elexim.net\/elektromobilita\/wp-json\/wp\/v2\/categories?post=2680"},{"taxonomy":"post_tag","embeddable":true,"href":"https:\/\/elexim.net\/elektromobilita\/wp-json\/wp\/v2\/tags?post=2680"},{"taxonomy":"post_format","embeddable":true,"href":"https:\/\/elexim.net\/elektromobilita\/wp-json\/wp\/v2\/post_formats?post=2680"}],"curies":[{"name":"wp","href":"https:\/\/api.w.org\/{rel}","templated":true}]}}