{"id":3260,"date":"2020-08-24T11:51:20","date_gmt":"2020-08-24T09:51:20","guid":{"rendered":"https:\/\/elexim.net\/elektromobilita\/?p=3260"},"modified":"2020-08-24T11:51:21","modified_gmt":"2020-08-24T09:51:21","slug":"hyundai-prichazi-s-novou-radou-ioniq","status":"publish","type":"post","link":"https:\/\/elexim.net\/elektromobilita\/hyundai-prichazi-s-novou-radou-ioniq\/","title":{"rendered":"Hyundai p\u0159ich\u00e1z\u00ed s novou \u0159adou Ioniq"},"content":{"rendered":"\n<p>Hyundai Motor Company se dr\u017e\u00ed sv\u00e9ho motta \u201ePokrok pro lidstvo\u201c a uv\u00e1d\u00ed na trh s \u0159adu vozidel s n\u00e1zvem Ioniq.<\/p>\n\n\n\n<p>N\u00e1zev, jen\u017e vznikl spojen\u00edm slov ion (iont) a unique (jedine\u010dn\u00fd), pou\u017eila spole\u010dnost ji\u017e d\u0159\u00edve p\u0159i vytv\u00e1\u0159en\u00ed Projektu Ioniq &#8211; projektu, je\u017e se t\u00fdkal v\u00fdvoje elektromobility a propojen\u00edm s \u0161etrnost\u00ed k \u017eivotn\u00edmu prost\u0159ed\u00ed.<\/p>\n\n\n\n<p>Vozidla, kter\u00e1 budou sou\u010d\u00e1st\u00ed t\u00e9to \u0159ady, budou odd\u011blena \u010d\u00edseln\u00fdm ozna\u010den\u00edm. Sud\u00e1 \u010d\u00edsla najdeme na sedanech, lich\u00e1 \u010d\u00edsla budou na SUV.&nbsp;<\/p>\n\n\n\n<figure class=\"wp-block-image size-large\"><img loading=\"lazy\" width=\"943\" height=\"531\" src=\"https:\/\/elexim.net\/elektromobilita\/wp-content\/uploads\/sites\/2\/2020\/08\/hyundai2.png\" alt=\"\" class=\"wp-image-3263 img-responsive img-shadow\" srcset=\"https:\/\/elexim.net\/elektromobilita\/wp-content\/uploads\/sites\/2\/2020\/08\/hyundai2.png 943w, https:\/\/elexim.net\/elektromobilita\/wp-content\/uploads\/sites\/2\/2020\/08\/hyundai2-300x169.png 300w, https:\/\/elexim.net\/elektromobilita\/wp-content\/uploads\/sites\/2\/2020\/08\/hyundai2-768x432.png 768w, https:\/\/elexim.net\/elektromobilita\/wp-content\/uploads\/sites\/2\/2020\/08\/hyundai2-720x405.png 720w\" sizes=\"(max-width: 943px) 100vw, 943px\" \/><\/figure>\n\n\n\n<p>Prvn\u00ed model Hyundai p\u0159edstav\u00ed ji\u017e p\u0159\u00ed\u0161t\u00ed rok, a bude se jednat o CUV Ioniq 5, je\u017e nav\u00e1\u017ee na elektromobil uveden\u00fd na trh roku 2019 &#8211; Hyundai 45. Dal\u0161\u00ed na \u0159ad\u011b potom bude Ioniq 6, kter\u00fd z\u00e1kazn\u00edci uvid\u00ed roku 2022 a jako posledn\u00ed p\u0159ijde roku 2024 SUV Ioniq 7.<\/p>\n\n\n\n<p>P\u0159i v\u00fdrob\u011b t\u00e9to \u0159ady kladla spole\u010dnost velk\u00fd d\u016fraz na design. Exteri\u00e9r vozidel bude obohacen o speci\u00e1ln\u00ed kask\u00e1dovit\u00e9 m\u0159\u00ed\u017eky chladi\u010d\u016f, elegantn\u00ed kola z lehk\u00e9 slitiny a nov\u00e9 Bi-LED sv\u011btlomety. Interi\u00e9r potom p\u0159ekvap\u00ed netradi\u010dn\u00edmi \u00falo\u017en\u00fdmi prostory, modern\u011bj\u0161\u00edm naviga\u010dn\u00edm syst\u00e9mem, z\u00e1suvkou u p\u0159edn\u00edch sedadel a bezdr\u00e1tov\u00fdm p\u0159ipojen\u00edm.<\/p>\n\n\n\n<p>Modely budou vyu\u017e\u00edvat platformu E-GMP (Electric Global Modular Platform), kter\u00e1 jim umo\u017en\u00ed rychlej\u0161\u00ed nabit\u00ed a del\u0161\u00ed dojezd.<\/p>\n\n\n\n<p>V\u00fdrobou a prodejem elektromobil\u016f spole\u010dnost usiluje vy\u0161\u0161\u00ed postaven\u00ed na trhu a podporuje st\u00e1le rostouc\u00ed touhu spole\u010dnosti po sn\u00ed\u017een\u00ed emis\u00ed. S touto touhou se poj\u00ed i kampa\u0148 \u201eI\u2019m in Charge\u201c, kter\u00e1 klade d\u016fraz na individualitu lidsk\u00e9ho \u017eivota a z\u00e1rove\u0148 p\u00e9\u010di o p\u0159\u00edrodn\u00ed bohatstv\u00edNa po\u010dest uveden\u00ed \u0159ady Ioniq se jeden z lond\u00fdnsk\u00fdch monument\u016f, London eye, ned\u00e1vno p\u0159em\u011bnil na jedno velk\u00e9 p\u00edsmeno Q a t\u00edm odstartoval nov\u00e9 obdob\u00ed v historii spole\u010dnosti Hyundai Motor Company.<\/p>\n","protected":false},"excerpt":{"rendered":"<p>Hyundai Motor Company se dr\u017e\u00ed sv\u00e9ho motta \u201ePokrok pro lidstvo\u201c a uv\u00e1d\u00ed na trh s \u0159adu vozidel s n\u00e1zvem Ioniq. N\u00e1zev, jen\u017e vznikl spojen\u00edm slov ion (iont) a unique (jedine\u010dn\u00fd),&nbsp;&#8230;<\/p>\n","protected":false},"author":42,"featured_media":3262,"comment_status":"closed","ping_status":"open","sticky":false,"template":"","format":"standard","meta":[],"categories":[14],"tags":[],"post_formats":[],"yoast_head":"<!-- This site is optimized with the Yoast SEO plugin v16.2 - https:\/\/yoast.com\/wordpress\/plugins\/seo\/ -->\n<meta name=\"robots\" content=\"index, follow, max-snippet:-1, max-image-preview:large, max-video-preview:-1\" \/>\n<link rel=\"canonical\" href=\"https:\/\/elexim.net\/elektromobilita\/hyundai-prichazi-s-novou-radou-ioniq\/\" \/>\n<meta property=\"og:locale\" content=\"cs_CZ\" \/>\n<meta property=\"og:type\" content=\"article\" \/>\n<meta property=\"og:title\" content=\"Hyundai p\u0159ich\u00e1z\u00ed s novou \u0159adou Ioniq - ELEXIM - Elektromobilita\" \/>\n<meta property=\"og:description\" content=\"Hyundai Motor Company se dr\u017e\u00ed sv\u00e9ho motta \u201ePokrok pro lidstvo\u201c a uv\u00e1d\u00ed na trh s \u0159adu vozidel s n\u00e1zvem Ioniq. N\u00e1zev, jen\u017e vznikl spojen\u00edm slov ion (iont) a unique (jedine\u010dn\u00fd),&nbsp;...\" \/>\n<meta property=\"og:url\" content=\"https:\/\/elexim.net\/elektromobilita\/hyundai-prichazi-s-novou-radou-ioniq\/\" \/>\n<meta property=\"og:site_name\" content=\"ELEXIM - Elektromobilita\" \/>\n<meta property=\"article:publisher\" content=\"https:\/\/www.facebook.com\/eleximemobilita\/\" \/>\n<meta property=\"article:published_time\" content=\"2020-08-24T09:51:20+00:00\" \/>\n<meta property=\"article:modified_time\" content=\"2020-08-24T09:51:21+00:00\" \/>\n<meta property=\"og:image\" content=\"https:\/\/elexim.net\/elektromobilita\/wp-content\/uploads\/sites\/2\/2020\/08\/hyunday.png\" \/>\n\t<meta property=\"og:image:width\" content=\"906\" \/>\n\t<meta property=\"og:image:height\" content=\"510\" \/>\n<meta name=\"twitter:card\" content=\"summary_large_image\" \/>\n<meta name=\"twitter:label1\" content=\"Odhadovan\u00e1 doba \u010dten\u00ed\">\n\t<meta name=\"twitter:data1\" content=\"2 minuty\">\n<script type=\"application\/ld+json\" class=\"yoast-schema-graph\">{\"@context\":\"https:\/\/schema.org\",\"@graph\":[{\"@type\":\"WebSite\",\"@id\":\"https:\/\/elexim.net\/elektromobilita\/#website\",\"url\":\"https:\/\/elexim.net\/elektromobilita\/\",\"name\":\"ELEXIM - Elektromobilita\",\"description\":\"Nab\\u00edz\\u00edme kompletn\\u00ed sortiment a \\u0159e\\u0161en\\u00ed v\\u00fdrobc\\u016f CIRCONTROL a APLITRONIC \\u2013 co\\u017e jsou nab\\u00edjec\\u00ed stanice, kter\\u00e9 dok\\u00e1zaly svou stabilitu, vysokou kvalitu materi\\u00e1l\\u016f a proveden\\u00ed. D\\u00edky tomu jsou spolehliv\\u00e9 pro jak\\u00fdkoliv provoz.\",\"potentialAction\":[{\"@type\":\"SearchAction\",\"target\":\"https:\/\/elexim.net\/elektromobilita\/?s={search_term_string}\",\"query-input\":\"required name=search_term_string\"}],\"inLanguage\":\"cs\"},{\"@type\":\"ImageObject\",\"@id\":\"https:\/\/elexim.net\/elektromobilita\/hyundai-prichazi-s-novou-radou-ioniq\/#primaryimage\",\"inLanguage\":\"cs\",\"url\":\"https:\/\/elexim.net\/elektromobilita\/wp-content\/uploads\/sites\/2\/2020\/08\/hyunday.png\",\"contentUrl\":\"https:\/\/elexim.net\/elektromobilita\/wp-content\/uploads\/sites\/2\/2020\/08\/hyunday.png\",\"width\":906,\"height\":510},{\"@type\":\"WebPage\",\"@id\":\"https:\/\/elexim.net\/elektromobilita\/hyundai-prichazi-s-novou-radou-ioniq\/#webpage\",\"url\":\"https:\/\/elexim.net\/elektromobilita\/hyundai-prichazi-s-novou-radou-ioniq\/\",\"name\":\"Hyundai p\\u0159ich\\u00e1z\\u00ed s novou \\u0159adou Ioniq - ELEXIM - Elektromobilita\",\"isPartOf\":{\"@id\":\"https:\/\/elexim.net\/elektromobilita\/#website\"},\"primaryImageOfPage\":{\"@id\":\"https:\/\/elexim.net\/elektromobilita\/hyundai-prichazi-s-novou-radou-ioniq\/#primaryimage\"},\"datePublished\":\"2020-08-24T09:51:20+00:00\",\"dateModified\":\"2020-08-24T09:51:21+00:00\",\"author\":{\"@id\":\"https:\/\/elexim.net\/elektromobilita\/#\/schema\/person\/013a41d6ae73e91cf30e490863249506\"},\"breadcrumb\":{\"@id\":\"https:\/\/elexim.net\/elektromobilita\/hyundai-prichazi-s-novou-radou-ioniq\/#breadcrumb\"},\"inLanguage\":\"cs\",\"potentialAction\":[{\"@type\":\"ReadAction\",\"target\":[\"https:\/\/elexim.net\/elektromobilita\/hyundai-prichazi-s-novou-radou-ioniq\/\"]}]},{\"@type\":\"BreadcrumbList\",\"@id\":\"https:\/\/elexim.net\/elektromobilita\/hyundai-prichazi-s-novou-radou-ioniq\/#breadcrumb\",\"itemListElement\":[{\"@type\":\"ListItem\",\"position\":1,\"item\":{\"@type\":\"WebPage\",\"@id\":\"https:\/\/elexim.net\/elektromobilita\/\",\"url\":\"https:\/\/elexim.net\/elektromobilita\/\",\"name\":\"Dom\\u016f\"}},{\"@type\":\"ListItem\",\"position\":2,\"item\":{\"@id\":\"https:\/\/elexim.net\/elektromobilita\/hyundai-prichazi-s-novou-radou-ioniq\/#webpage\"}}]},{\"@type\":\"Person\",\"@id\":\"https:\/\/elexim.net\/elektromobilita\/#\/schema\/person\/013a41d6ae73e91cf30e490863249506\",\"name\":\"marketing\",\"image\":{\"@type\":\"ImageObject\",\"@id\":\"https:\/\/elexim.net\/elektromobilita\/#personlogo\",\"inLanguage\":\"cs\",\"url\":\"https:\/\/secure.gravatar.com\/avatar\/72dd1a43ae1e7aca4f677131a3a1e9b3?s=96&d=mm&r=g\",\"contentUrl\":\"https:\/\/secure.gravatar.com\/avatar\/72dd1a43ae1e7aca4f677131a3a1e9b3?s=96&d=mm&r=g\",\"caption\":\"marketing\"}}]}<\/script>\n<!-- \/ Yoast SEO plugin. -->","guten_post_layout_featured_media_urls":{"full":["https:\/\/elexim.net\/elektromobilita\/wp-content\/uploads\/sites\/2\/2020\/08\/hyunday.png",906,510,false],"thumbnail":["https:\/\/elexim.net\/elektromobilita\/wp-content\/uploads\/sites\/2\/2020\/08\/hyunday-500x300.png",500,300,true],"medium":["https:\/\/elexim.net\/elektromobilita\/wp-content\/uploads\/sites\/2\/2020\/08\/hyunday-300x169.png",300,169,true],"medium_large":["https:\/\/elexim.net\/elektromobilita\/wp-content\/uploads\/sites\/2\/2020\/08\/hyunday-768x432.png",768,432,true],"large":["https:\/\/elexim.net\/elektromobilita\/wp-content\/uploads\/sites\/2\/2020\/08\/hyunday.png",906,510,false],"1536x1536":["https:\/\/elexim.net\/elektromobilita\/wp-content\/uploads\/sites\/2\/2020\/08\/hyunday.png",906,510,false],"2048x2048":["https:\/\/elexim.net\/elektromobilita\/wp-content\/uploads\/sites\/2\/2020\/08\/hyunday.png",906,510,false],"thumb":["https:\/\/elexim.net\/elektromobilita\/wp-content\/uploads\/sites\/2\/2020\/08\/hyunday-150x150.png",150,150,true],"produkt":["https:\/\/elexim.net\/elektromobilita\/wp-content\/uploads\/sites\/2\/2020\/08\/hyunday-720x405.png",720,405,true],"header":["https:\/\/elexim.net\/elektromobilita\/wp-content\/uploads\/sites\/2\/2020\/08\/hyunday.png",906,510,false],"guten_post_layout_landscape_large":["https:\/\/elexim.net\/elektromobilita\/wp-content\/uploads\/sites\/2\/2020\/08\/hyunday.png",906,510,false],"guten_post_layout_portrait_large":["https:\/\/elexim.net\/elektromobilita\/wp-content\/uploads\/sites\/2\/2020\/08\/hyunday.png",906,510,false],"guten_post_layout_square_large":["https:\/\/elexim.net\/elektromobilita\/wp-content\/uploads\/sites\/2\/2020\/08\/hyunday.png",906,510,false],"guten_post_layout_landscape":["https:\/\/elexim.net\/elektromobilita\/wp-content\/uploads\/sites\/2\/2020\/08\/hyunday-600x400.png",600,400,true],"guten_post_layout_portrait":["https:\/\/elexim.net\/elektromobilita\/wp-content\/uploads\/sites\/2\/2020\/08\/hyunday-600x510.png",600,510,true],"guten_post_layout_square":["https:\/\/elexim.net\/elektromobilita\/wp-content\/uploads\/sites\/2\/2020\/08\/hyunday-600x510.png",600,510,true]},"_links":{"self":[{"href":"https:\/\/elexim.net\/elektromobilita\/wp-json\/wp\/v2\/posts\/3260"}],"collection":[{"href":"https:\/\/elexim.net\/elektromobilita\/wp-json\/wp\/v2\/posts"}],"about":[{"href":"https:\/\/elexim.net\/elektromobilita\/wp-json\/wp\/v2\/types\/post"}],"author":[{"embeddable":true,"href":"https:\/\/elexim.net\/elektromobilita\/wp-json\/wp\/v2\/users\/42"}],"replies":[{"embeddable":true,"href":"https:\/\/elexim.net\/elektromobilita\/wp-json\/wp\/v2\/comments?post=3260"}],"version-history":[{"count":4,"href":"https:\/\/elexim.net\/elektromobilita\/wp-json\/wp\/v2\/posts\/3260\/revisions"}],"predecessor-version":[{"id":3267,"href":"https:\/\/elexim.net\/elektromobilita\/wp-json\/wp\/v2\/posts\/3260\/revisions\/3267"}],"wp:featuredmedia":[{"embeddable":true,"href":"https:\/\/elexim.net\/elektromobilita\/wp-json\/wp\/v2\/media\/3262"}],"wp:attachment":[{"href":"https:\/\/elexim.net\/elektromobilita\/wp-json\/wp\/v2\/media?parent=3260"}],"wp:term":[{"taxonomy":"category","embeddable":true,"href":"https:\/\/elexim.net\/elektromobilita\/wp-json\/wp\/v2\/categories?post=3260"},{"taxonomy":"post_tag","embeddable":true,"href":"https:\/\/elexim.net\/elektromobilita\/wp-json\/wp\/v2\/tags?post=3260"},{"taxonomy":"post_format","embeddable":true,"href":"https:\/\/elexim.net\/elektromobilita\/wp-json\/wp\/v2\/post_formats?post=3260"}],"curies":[{"name":"wp","href":"https:\/\/api.w.org\/{rel}","templated":true}]}}