{"id":3268,"date":"2020-08-24T12:01:39","date_gmt":"2020-08-24T10:01:39","guid":{"rendered":"https:\/\/elexim.net\/elektromobilita\/?p=3268"},"modified":"2020-08-24T12:01:40","modified_gmt":"2020-08-24T10:01:40","slug":"psa-predstavuje-novou-platformu-pro-elektromobily","status":"publish","type":"post","link":"https:\/\/elexim.net\/elektromobilita\/psa-predstavuje-novou-platformu-pro-elektromobily\/","title":{"rendered":"PSA p\u0159edstavuje novou platformu pro elektromobily"},"content":{"rendered":"\n<p>Zat\u00edmco n\u011bkter\u00e9 automobilky, jako nap\u0159\u00edklad Mercedes-Benz nebo Volkswagen, reaguj\u00ed na rozvoj elektromobility v\u00fdrobou zcela nov\u00fdch elektrick\u00fdch platforem, n\u011bkter\u00e9 s\u00e1z\u00ed na \u00fapravu sv\u00fdch st\u00e1vaj\u00edc\u00edch model\u016f.&nbsp;<\/p>\n\n\n\n<p>Do t\u00e9to skupiny se nyn\u00ed \u0159ad\u00ed i skupina PSA. Novinka s n\u00e1zvem eVMP (Electric Vehicle Modular Platform) roz\u0161i\u0159uje pole p\u016fsobnosti francouzsk\u00e9ho koncernu a poprv\u00e9 se zam\u011b\u0159uje i na v\u011bt\u0161\u00ed elektromobily ni\u017e\u0161\u00ed a st\u0159edn\u00ed t\u0159\u00eddy. Vyu\u017eit\u00ed by m\u011bla naj\u00edt p\u0159ednostn\u011b u elektromobil\u016f, ale bude moci poslou\u017eit tak\u00e9 hybridn\u00edm voz\u016fm.<\/p>\n\n\n\n<figure class=\"wp-block-image size-large is-resized\"><img loading=\"lazy\" src=\"https:\/\/elexim.net\/elektromobilita\/wp-content\/uploads\/sites\/2\/2020\/08\/psa-platforma.png\" alt=\"\" class=\"wp-image-3270 img-responsive img-shadow\" width=\"565\" height=\"348\" srcset=\"https:\/\/elexim.net\/elektromobilita\/wp-content\/uploads\/sites\/2\/2020\/08\/psa-platforma.png 787w, https:\/\/elexim.net\/elektromobilita\/wp-content\/uploads\/sites\/2\/2020\/08\/psa-platforma-300x185.png 300w, https:\/\/elexim.net\/elektromobilita\/wp-content\/uploads\/sites\/2\/2020\/08\/psa-platforma-768x473.png 768w, https:\/\/elexim.net\/elektromobilita\/wp-content\/uploads\/sites\/2\/2020\/08\/psa-platforma-720x444.png 720w\" sizes=\"(max-width: 565px) 100vw, 565px\" \/><\/figure>\n\n\n\n<p>Platforma m\u016f\u017ee budouc\u00ed z\u00e1kazn\u00edky p\u0159ekvapit hned v n\u011bkolika bodech.&nbsp;<\/p>\n\n\n\n<p>Jedn\u00edm z&nbsp;t\u011bchto bod\u016f je zajist\u00e9 fakt, \u017ee v z\u00e1vislosti na typu karoserie umo\u017en\u00ed vozidlu dojezd a\u017e od 400 do 650km. K tomu bude slou\u017eit modern\u011bj\u0161\u00ed typ baterie, kter\u00e1 pro sv\u00e9 uskladn\u011bn\u00ed vyu\u017eije celou podlahu vozu.&nbsp;<\/p>\n\n\n\n<p>Velk\u00e9 plus vid\u00ed francouzsk\u00e1 automobilka tak\u00e9 ve sn\u00ed\u017een\u00ed n\u00e1klad\u016f na v\u00fdvoj a v\u00fdrobu, jak v jednom z rozhovor\u016f ostatn\u011b zmi\u0148uje i Nicolas Morel, \u0159editel v\u00fdzkumu a v\u00fdvoje skupiny PSA. Ke sn\u00ed\u017een\u00ed po\u010dtu investic a n\u00e1klad\u016f podle n\u011bj do\u0161lo hlavn\u011b d\u00edky \u00famyslu maxim\u00e1ln\u011b vyu\u017e\u00edt ji\u017e st\u00e1vaj\u00edc\u00ed prost\u0159edky, jako jsou nap\u0159\u00edklad bateriov\u00e9 moduly.\u00a0<\/p>\n\n\n\n<p>Skupina PSA uvedla, \u017ee na eVMP pl\u00e1nuje p\u0159ej\u00edt v\u00a0letech 2020 \u2013 2025 a nebude ji\u017e nad\u00e1le vyu\u017e\u00edvat\u00a0\u00a0platformy ur\u010den\u00e9 pro r\u016fzn\u00e9 druhy pohonu (multi-energy), ale zam\u011b\u0159\u00ed se pouze na\u00a0\u00a0dv\u011b 100% elektrifikovan\u00e9 platformy.<\/p>\n","protected":false},"excerpt":{"rendered":"<p>Zat\u00edmco n\u011bkter\u00e9 automobilky, jako nap\u0159\u00edklad Mercedes-Benz nebo Volkswagen, reaguj\u00ed na rozvoj elektromobility v\u00fdrobou zcela nov\u00fdch elektrick\u00fdch platforem, n\u011bkter\u00e9 s\u00e1z\u00ed na \u00fapravu sv\u00fdch st\u00e1vaj\u00edc\u00edch model\u016f.&nbsp; Do t\u00e9to skupiny se nyn\u00ed \u0159ad\u00ed&nbsp;&#8230;<\/p>\n","protected":false},"author":42,"featured_media":3269,"comment_status":"closed","ping_status":"open","sticky":false,"template":"","format":"standard","meta":[],"categories":[14],"tags":[],"post_formats":[],"yoast_head":"<!-- This site is optimized with the Yoast SEO plugin v16.2 - https:\/\/yoast.com\/wordpress\/plugins\/seo\/ -->\n<meta name=\"robots\" content=\"index, follow, max-snippet:-1, max-image-preview:large, max-video-preview:-1\" \/>\n<link rel=\"canonical\" href=\"https:\/\/elexim.net\/elektromobilita\/psa-predstavuje-novou-platformu-pro-elektromobily\/\" \/>\n<meta property=\"og:locale\" content=\"cs_CZ\" \/>\n<meta property=\"og:type\" content=\"article\" \/>\n<meta property=\"og:title\" content=\"PSA p\u0159edstavuje novou platformu pro elektromobily - ELEXIM - Elektromobilita\" \/>\n<meta property=\"og:description\" content=\"Zat\u00edmco n\u011bkter\u00e9 automobilky, jako nap\u0159\u00edklad Mercedes-Benz nebo Volkswagen, reaguj\u00ed na rozvoj elektromobility v\u00fdrobou zcela nov\u00fdch elektrick\u00fdch platforem, n\u011bkter\u00e9 s\u00e1z\u00ed na \u00fapravu sv\u00fdch st\u00e1vaj\u00edc\u00edch model\u016f.&nbsp; Do t\u00e9to skupiny se nyn\u00ed \u0159ad\u00ed&nbsp;...\" \/>\n<meta property=\"og:url\" content=\"https:\/\/elexim.net\/elektromobilita\/psa-predstavuje-novou-platformu-pro-elektromobily\/\" \/>\n<meta property=\"og:site_name\" content=\"ELEXIM - Elektromobilita\" \/>\n<meta property=\"article:publisher\" content=\"https:\/\/www.facebook.com\/eleximemobilita\/\" \/>\n<meta property=\"article:published_time\" content=\"2020-08-24T10:01:39+00:00\" \/>\n<meta property=\"article:modified_time\" content=\"2020-08-24T10:01:40+00:00\" \/>\n<meta property=\"og:image\" content=\"https:\/\/elexim.net\/elektromobilita\/wp-content\/uploads\/sites\/2\/2020\/08\/psa-logo.jpg\" \/>\n\t<meta property=\"og:image:width\" content=\"870\" \/>\n\t<meta property=\"og:image:height\" content=\"310\" \/>\n<meta name=\"twitter:card\" content=\"summary_large_image\" \/>\n<meta name=\"twitter:label1\" content=\"Odhadovan\u00e1 doba \u010dten\u00ed\">\n\t<meta name=\"twitter:data1\" content=\"1 minuta\">\n<script type=\"application\/ld+json\" class=\"yoast-schema-graph\">{\"@context\":\"https:\/\/schema.org\",\"@graph\":[{\"@type\":\"WebSite\",\"@id\":\"https:\/\/elexim.net\/elektromobilita\/#website\",\"url\":\"https:\/\/elexim.net\/elektromobilita\/\",\"name\":\"ELEXIM - Elektromobilita\",\"description\":\"Nab\\u00edz\\u00edme kompletn\\u00ed sortiment a \\u0159e\\u0161en\\u00ed v\\u00fdrobc\\u016f CIRCONTROL a APLITRONIC \\u2013 co\\u017e jsou nab\\u00edjec\\u00ed stanice, kter\\u00e9 dok\\u00e1zaly svou stabilitu, vysokou kvalitu materi\\u00e1l\\u016f a proveden\\u00ed. D\\u00edky tomu jsou spolehliv\\u00e9 pro jak\\u00fdkoliv provoz.\",\"potentialAction\":[{\"@type\":\"SearchAction\",\"target\":\"https:\/\/elexim.net\/elektromobilita\/?s={search_term_string}\",\"query-input\":\"required name=search_term_string\"}],\"inLanguage\":\"cs\"},{\"@type\":\"ImageObject\",\"@id\":\"https:\/\/elexim.net\/elektromobilita\/psa-predstavuje-novou-platformu-pro-elektromobily\/#primaryimage\",\"inLanguage\":\"cs\",\"url\":\"https:\/\/elexim.net\/elektromobilita\/wp-content\/uploads\/sites\/2\/2020\/08\/psa-logo.jpg\",\"contentUrl\":\"https:\/\/elexim.net\/elektromobilita\/wp-content\/uploads\/sites\/2\/2020\/08\/psa-logo.jpg\",\"width\":870,\"height\":310},{\"@type\":\"WebPage\",\"@id\":\"https:\/\/elexim.net\/elektromobilita\/psa-predstavuje-novou-platformu-pro-elektromobily\/#webpage\",\"url\":\"https:\/\/elexim.net\/elektromobilita\/psa-predstavuje-novou-platformu-pro-elektromobily\/\",\"name\":\"PSA p\\u0159edstavuje novou platformu pro elektromobily - ELEXIM - Elektromobilita\",\"isPartOf\":{\"@id\":\"https:\/\/elexim.net\/elektromobilita\/#website\"},\"primaryImageOfPage\":{\"@id\":\"https:\/\/elexim.net\/elektromobilita\/psa-predstavuje-novou-platformu-pro-elektromobily\/#primaryimage\"},\"datePublished\":\"2020-08-24T10:01:39+00:00\",\"dateModified\":\"2020-08-24T10:01:40+00:00\",\"author\":{\"@id\":\"https:\/\/elexim.net\/elektromobilita\/#\/schema\/person\/013a41d6ae73e91cf30e490863249506\"},\"breadcrumb\":{\"@id\":\"https:\/\/elexim.net\/elektromobilita\/psa-predstavuje-novou-platformu-pro-elektromobily\/#breadcrumb\"},\"inLanguage\":\"cs\",\"potentialAction\":[{\"@type\":\"ReadAction\",\"target\":[\"https:\/\/elexim.net\/elektromobilita\/psa-predstavuje-novou-platformu-pro-elektromobily\/\"]}]},{\"@type\":\"BreadcrumbList\",\"@id\":\"https:\/\/elexim.net\/elektromobilita\/psa-predstavuje-novou-platformu-pro-elektromobily\/#breadcrumb\",\"itemListElement\":[{\"@type\":\"ListItem\",\"position\":1,\"item\":{\"@type\":\"WebPage\",\"@id\":\"https:\/\/elexim.net\/elektromobilita\/\",\"url\":\"https:\/\/elexim.net\/elektromobilita\/\",\"name\":\"Dom\\u016f\"}},{\"@type\":\"ListItem\",\"position\":2,\"item\":{\"@id\":\"https:\/\/elexim.net\/elektromobilita\/psa-predstavuje-novou-platformu-pro-elektromobily\/#webpage\"}}]},{\"@type\":\"Person\",\"@id\":\"https:\/\/elexim.net\/elektromobilita\/#\/schema\/person\/013a41d6ae73e91cf30e490863249506\",\"name\":\"marketing\",\"image\":{\"@type\":\"ImageObject\",\"@id\":\"https:\/\/elexim.net\/elektromobilita\/#personlogo\",\"inLanguage\":\"cs\",\"url\":\"https:\/\/secure.gravatar.com\/avatar\/72dd1a43ae1e7aca4f677131a3a1e9b3?s=96&d=mm&r=g\",\"contentUrl\":\"https:\/\/secure.gravatar.com\/avatar\/72dd1a43ae1e7aca4f677131a3a1e9b3?s=96&d=mm&r=g\",\"caption\":\"marketing\"}}]}<\/script>\n<!-- \/ Yoast SEO plugin. -->","guten_post_layout_featured_media_urls":{"full":["https:\/\/elexim.net\/elektromobilita\/wp-content\/uploads\/sites\/2\/2020\/08\/psa-logo.jpg",870,310,false],"thumbnail":["https:\/\/elexim.net\/elektromobilita\/wp-content\/uploads\/sites\/2\/2020\/08\/psa-logo-500x300.jpg",500,300,true],"medium":["https:\/\/elexim.net\/elektromobilita\/wp-content\/uploads\/sites\/2\/2020\/08\/psa-logo-300x107.jpg",300,107,true],"medium_large":["https:\/\/elexim.net\/elektromobilita\/wp-content\/uploads\/sites\/2\/2020\/08\/psa-logo-768x274.jpg",768,274,true],"large":["https:\/\/elexim.net\/elektromobilita\/wp-content\/uploads\/sites\/2\/2020\/08\/psa-logo.jpg",870,310,false],"1536x1536":["https:\/\/elexim.net\/elektromobilita\/wp-content\/uploads\/sites\/2\/2020\/08\/psa-logo.jpg",870,310,false],"2048x2048":["https:\/\/elexim.net\/elektromobilita\/wp-content\/uploads\/sites\/2\/2020\/08\/psa-logo.jpg",870,310,false],"thumb":["https:\/\/elexim.net\/elektromobilita\/wp-content\/uploads\/sites\/2\/2020\/08\/psa-logo-150x150.jpg",150,150,true],"produkt":["https:\/\/elexim.net\/elektromobilita\/wp-content\/uploads\/sites\/2\/2020\/08\/psa-logo-720x257.jpg",720,257,true],"header":["https:\/\/elexim.net\/elektromobilita\/wp-content\/uploads\/sites\/2\/2020\/08\/psa-logo.jpg",870,310,false],"guten_post_layout_landscape_large":["https:\/\/elexim.net\/elektromobilita\/wp-content\/uploads\/sites\/2\/2020\/08\/psa-logo.jpg",870,310,false],"guten_post_layout_portrait_large":["https:\/\/elexim.net\/elektromobilita\/wp-content\/uploads\/sites\/2\/2020\/08\/psa-logo.jpg",870,310,false],"guten_post_layout_square_large":["https:\/\/elexim.net\/elektromobilita\/wp-content\/uploads\/sites\/2\/2020\/08\/psa-logo.jpg",870,310,false],"guten_post_layout_landscape":["https:\/\/elexim.net\/elektromobilita\/wp-content\/uploads\/sites\/2\/2020\/08\/psa-logo-600x310.jpg",600,310,true],"guten_post_layout_portrait":["https:\/\/elexim.net\/elektromobilita\/wp-content\/uploads\/sites\/2\/2020\/08\/psa-logo-600x310.jpg",600,310,true],"guten_post_layout_square":["https:\/\/elexim.net\/elektromobilita\/wp-content\/uploads\/sites\/2\/2020\/08\/psa-logo-600x310.jpg",600,310,true]},"_links":{"self":[{"href":"https:\/\/elexim.net\/elektromobilita\/wp-json\/wp\/v2\/posts\/3268"}],"collection":[{"href":"https:\/\/elexim.net\/elektromobilita\/wp-json\/wp\/v2\/posts"}],"about":[{"href":"https:\/\/elexim.net\/elektromobilita\/wp-json\/wp\/v2\/types\/post"}],"author":[{"embeddable":true,"href":"https:\/\/elexim.net\/elektromobilita\/wp-json\/wp\/v2\/users\/42"}],"replies":[{"embeddable":true,"href":"https:\/\/elexim.net\/elektromobilita\/wp-json\/wp\/v2\/comments?post=3268"}],"version-history":[{"count":3,"href":"https:\/\/elexim.net\/elektromobilita\/wp-json\/wp\/v2\/posts\/3268\/revisions"}],"predecessor-version":[{"id":3273,"href":"https:\/\/elexim.net\/elektromobilita\/wp-json\/wp\/v2\/posts\/3268\/revisions\/3273"}],"wp:featuredmedia":[{"embeddable":true,"href":"https:\/\/elexim.net\/elektromobilita\/wp-json\/wp\/v2\/media\/3269"}],"wp:attachment":[{"href":"https:\/\/elexim.net\/elektromobilita\/wp-json\/wp\/v2\/media?parent=3268"}],"wp:term":[{"taxonomy":"category","embeddable":true,"href":"https:\/\/elexim.net\/elektromobilita\/wp-json\/wp\/v2\/categories?post=3268"},{"taxonomy":"post_tag","embeddable":true,"href":"https:\/\/elexim.net\/elektromobilita\/wp-json\/wp\/v2\/tags?post=3268"},{"taxonomy":"post_format","embeddable":true,"href":"https:\/\/elexim.net\/elektromobilita\/wp-json\/wp\/v2\/post_formats?post=3268"}],"curies":[{"name":"wp","href":"https:\/\/api.w.org\/{rel}","templated":true}]}}